{"id":1117,"date":"2024-05-20T15:22:55","date_gmt":"2024-05-20T13:22:55","guid":{"rendered":"https:\/\/medespoir-dentaire.com\/blog\/?p=1117"},"modified":"2024-05-20T15:22:59","modified_gmt":"2024-05-20T13:22:59","slug":"facettes-decolorees-en-turquie-prix","status":"publish","type":"post","link":"https:\/\/medespoir-dentaire.com\/blog\/facettes-decolorees-en-turquie-prix\/","title":{"rendered":"Facettes d\u00e9color\u00e9es en Turquie : guide complet et prix"},"content":{"rendered":"\n<p>Les facettes dentaires sont une solution esth\u00e9tique populaire pour les personnes qui souhaitent am\u00e9liorer l&rsquo;apparence de leurs dents. Cependant, avec le temps, les facettes peuvent se d\u00e9colorer ou s&rsquo;user, ce qui peut affecter leur apparence et leur fonctionnalit\u00e9. Dans cet article, nous allons examiner de plus pr\u00e8s les causes de la d\u00e9coloration des facettes dentaires, les options de traitement disponibles, ainsi que les prix pratiqu\u00e9s en Turquie et dans d&rsquo;autres pays.<\/p>\n\n\n\n<h2>Causes de la d\u00e9coloration des facettes dentaires<\/h2>\n\n\n\n<p>La d\u00e9coloration des facettes dentaires peut \u00eatre caus\u00e9e par plusieurs facteurs. Tout d&rsquo;abord, les habitudes de vie peuvent jouer un r\u00f4le important dans la d\u00e9coloration des facettes. Les aliments et les boissons riches en colorants, tels que le caf\u00e9, le th\u00e9, le vin rouge et les baies, peuvent tacher les facettes et les faire para\u00eetre plus sombres. De m\u00eame, le tabagisme peut jaunir les facettes et les faire para\u00eetre plus vieilles.<\/p>\n\n\n\n<p>De plus, l&rsquo;usure naturelle des facettes peut \u00e9galement contribuer \u00e0 leur d\u00e9coloration. Les facettes sont soumises \u00e0 une pression constante lors de la mastication et de la parole, ce qui peut les user et les rendre plus minces. Lorsque les facettes deviennent plus minces, elles peuvent laisser transpara\u00eetre la couleur naturelle des dents, ce qui peut les faire para\u00eetre plus sombres.<\/p>\n\n\n\n<p>Enfin, les probl\u00e8mes de sant\u00e9 bucco-dentaire peuvent \u00e9galement affecter l&rsquo;apparence des facettes. Les caries, les maladies parodontales et les autres probl\u00e8mes dentaires peuvent endommager les facettes et les faire para\u00eetre plus sombres ou plus ternes.<\/p>\n\n\n\n<h2>Options de traitement pour les facettes dentaires d\u00e9color\u00e9es<\/h2>\n\n\n\n<p>Il existe plusieurs options de traitement pour les facettes dentaires d\u00e9color\u00e9es. Tout d&rsquo;abord, le dentiste peut recommander un nettoyage professionnel des dents pour \u00e9liminer les taches de surface et am\u00e9liorer l&rsquo;apparence des facettes. Le dentiste peut \u00e9galement recommander des produits de blanchiment des dents pour aider \u00e0 \u00e9claircir les facettes et les dents naturelles.<\/p>\n\n\n\n<p>Si les facettes sont us\u00e9es ou endommag\u00e9es, le dentiste peut recommander de les remplacer par de nouvelles facettes. Les nouvelles facettes peuvent \u00eatre fabriqu\u00e9es dans une teinte plus claire pour am\u00e9liorer l&rsquo;apparence des dents. De plus, les nouvelles facettes peuvent \u00eatre fabriqu\u00e9es \u00e0 partir de mat\u00e9riaux plus r\u00e9sistants pour pr\u00e9venir l&rsquo;usure et la d\u00e9coloration \u00e0 l&rsquo;avenir.<\/p>\n\n\n\n<p>Enfin, si les facettes ne peuvent pas \u00eatre nettoy\u00e9es ou \u00e9claircies, le dentiste peut recommander de les enlever et de les remplacer par des couronnes dentaires. Les couronnes dentaires sont des coiffes qui recouvrent compl\u00e8tement les dents naturelles et peuvent \u00eatre fabriqu\u00e9es dans une teinte plus claire pour am\u00e9liorer l&rsquo;apparence des dents.<\/p>\n\n\n\n<h2>Prix des facettes dentaires d\u00e9color\u00e9es en Turquie<\/h2>\n\n\n\n<p>Le prix des facettes dentaires d\u00e9color\u00e9es en Turquie varie en fonction de plusieurs facteurs, tels que le nombre de facettes \u00e0 remplacer, le type de mat\u00e9riau utilis\u00e9 pour les nouvelles facettes et la clinique dentaire o\u00f9 la proc\u00e9dure est r\u00e9alis\u00e9e. En g\u00e9n\u00e9ral, le prix d&rsquo;une facette dentaire en Turquie se situe entre 150 et 300 euros.<\/p>\n\n\n\n<p>Cependant, il est important de noter que ce prix ne comprend pas les frais de voyage et d&rsquo;h\u00e9bergement pour se rendre en Turquie. Les patients doivent \u00e9galement \u00eatre conscients que le choix d&rsquo;une clinique dentaire \u00e0 l&rsquo;\u00e9tranger peut comporter des risques et qu&rsquo;il est important de bien se renseigner avant de prendre une d\u00e9cision.<\/p>\n\n\n\n<h2>Prix des facettes dentaires d\u00e9color\u00e9es dans d&rsquo;autres pays<\/h2>\n\n\n\n<p>Le prix des facettes dentaires d\u00e9color\u00e9es peut varier consid\u00e9rablement d&rsquo;un pays \u00e0 l&rsquo;autre. Voici un tableau r\u00e9capitulatif des prix moyens pratiqu\u00e9s dans diff\u00e9rents pays :<\/p>\n\n\n\n<figure class=\"wp-block-table\"><table><thead><tr><th>Pays<\/th><th>Prix moyen (en euros)<\/th><\/tr><\/thead><tbody><tr><td>France<\/td><td>600 \u00e0 1 200<\/td><\/tr><tr><td>Belgique<\/td><td>500 \u00e0 1 000<\/td><\/tr><tr><td>Suisse<\/td><td>800 \u00e0 1 500<\/td><\/tr><tr><td>Espagne<\/td><td>300 \u00e0 800<\/td><\/tr><tr><td>Portugal<\/td><td>250 \u00e0 600<\/td><\/tr><tr><td>Turquie<\/td><td>150 \u00e0 300<\/td><\/tr><tr><td>Hongrie<\/td><td>300 \u00e0 600<\/td><\/tr><\/tbody><\/table><\/figure>\n\n\n\n<div class=\"wp-block-buttons is-content-justification-center is-layout-flex wp-container-core-buttons-is-layout-16018d1d wp-block-buttons-is-layout-flex\">\n<div class=\"wp-block-button has-custom-width wp-block-button__width-25 has-custom-font-size has-small-font-size\"><a class=\"wp-block-button__link wp-element-button\" href=\"https:\/\/www.medespoir-dentaire.com\/devis.php\">devis gratuit<\/a><\/div>\n<\/div>\n","protected":false},"excerpt":{"rendered":"<p>Les facettes dentaires sont une solution esth\u00e9tique populaire pour les personnes qui souhaitent am\u00e9liorer l&rsquo;apparence de leurs dents. Cependant, avec le temps, les facettes peuvent se d\u00e9colorer ou s&rsquo;user, ce qui peut affecter leur apparence et leur fonctionnalit\u00e9. Dans cet article, nous allons examiner de plus pr\u00e8s les causes de la d\u00e9coloration des facettes dentaires, &hellip; <\/p>\n<p class=\"link-more\"><a href=\"https:\/\/medespoir-dentaire.com\/blog\/facettes-decolorees-en-turquie-prix\/\" class=\"more-link\">Lire la suite de<span class=\"screen-reader-text\">\u00ab\u00a0Facettes d\u00e9color\u00e9es en Turquie : guide complet et prix\u00a0\u00bb<\/span><\/a><\/p>\n","protected":false},"author":1,"featured_media":1119,"comment_status":"closed","ping_status":"open","sticky":false,"template":"","format":"standard","meta":{"footnotes":""},"categories":[1],"tags":[],"class_list":["post-1117","post","type-post","status-publish","format-standard","has-post-thumbnail","hentry","category-non-classe"],"yoast_head":"<!-- This site is optimized with the Yoast SEO plugin v24.4 - https:\/\/yoast.com\/wordpress\/plugins\/seo\/ -->\n<title>Facettes d\u00e9color\u00e9es en Turquie : guide complet et prix<\/title>\n<meta name=\"description\" content=\"Les options de traitement pour les facettes dentaires d\u00e9color\u00e9es comprennent le nettoyage professionnel des dents, le blanchiment des dents, le remplacement des facettes et l&#039;utilisation de couronnes dentaires.\" \/>\n<meta name=\"robots\" content=\"index, follow, max-snippet:-1, max-image-preview:large, max-video-preview:-1\" \/>\n<link rel=\"canonical\" href=\"https:\/\/medespoir-dentaire.com\/blog\/facettes-decolorees-en-turquie-prix\/\" \/>\n<meta property=\"og:locale\" content=\"fr_FR\" \/>\n<meta property=\"og:type\" content=\"article\" \/>\n<meta property=\"og:title\" content=\"Facettes d\u00e9color\u00e9es en Turquie : guide complet et prix\" \/>\n<meta property=\"og:description\" content=\"Les options de traitement pour les facettes dentaires d\u00e9color\u00e9es comprennent le nettoyage professionnel des dents, le blanchiment des dents, le remplacement des facettes et l&#039;utilisation de couronnes dentaires.\" \/>\n<meta property=\"og:url\" content=\"https:\/\/medespoir-dentaire.com\/blog\/facettes-decolorees-en-turquie-prix\/\" \/>\n<meta property=\"og:site_name\" content=\"Le Mag Smile - Medespoir\" \/>\n<meta property=\"article:published_time\" content=\"2024-05-20T13:22:55+00:00\" \/>\n<meta property=\"article:modified_time\" content=\"2024-05-20T13:22:59+00:00\" \/>\n<meta property=\"og:image\" content=\"https:\/\/medespoir-dentaire.com\/blog\/wp-content\/uploads\/2024\/05\/facette-decoloree-prix-turquie.jpg\" \/>\n\t<meta property=\"og:image:width\" content=\"800\" \/>\n\t<meta property=\"og:image:height\" content=\"450\" \/>\n\t<meta property=\"og:image:type\" content=\"image\/jpeg\" \/>\n<meta name=\"author\" content=\"dsh_medre_com\" \/>\n<meta name=\"twitter:card\" content=\"summary_large_image\" \/>\n<meta name=\"twitter:label1\" content=\"\u00c9crit par\" \/>\n\t<meta name=\"twitter:data1\" content=\"dsh_medre_com\" \/>\n\t<meta name=\"twitter:label2\" content=\"Dur\u00e9e de lecture estim\u00e9e\" \/>\n\t<meta name=\"twitter:data2\" content=\"3 minutes\" \/>\n<script type=\"application\/ld+json\" class=\"yoast-schema-graph\">{\"@context\":\"https:\/\/schema.org\",\"@graph\":[{\"@type\":\"WebPage\",\"@id\":\"https:\/\/medespoir-dentaire.com\/blog\/facettes-decolorees-en-turquie-prix\/\",\"url\":\"https:\/\/medespoir-dentaire.com\/blog\/facettes-decolorees-en-turquie-prix\/\",\"name\":\"Facettes d\u00e9color\u00e9es en Turquie : guide complet et prix\",\"isPartOf\":{\"@id\":\"https:\/\/medespoir-dentaire.com\/blog\/#website\"},\"primaryImageOfPage\":{\"@id\":\"https:\/\/medespoir-dentaire.com\/blog\/facettes-decolorees-en-turquie-prix\/#primaryimage\"},\"image\":{\"@id\":\"https:\/\/medespoir-dentaire.com\/blog\/facettes-decolorees-en-turquie-prix\/#primaryimage\"},\"thumbnailUrl\":\"https:\/\/medespoir-dentaire.com\/blog\/wp-content\/uploads\/2024\/05\/facette-decoloree-prix-turquie.jpg\",\"datePublished\":\"2024-05-20T13:22:55+00:00\",\"dateModified\":\"2024-05-20T13:22:59+00:00\",\"author\":{\"@id\":\"https:\/\/medespoir-dentaire.com\/blog\/#\/schema\/person\/af16454b0d58b1d1eea4ce781f6c7fca\"},\"description\":\"Les options de traitement pour les facettes dentaires d\u00e9color\u00e9es comprennent le nettoyage professionnel des dents, le blanchiment des dents, le remplacement des facettes et l'utilisation de couronnes dentaires.\",\"breadcrumb\":{\"@id\":\"https:\/\/medespoir-dentaire.com\/blog\/facettes-decolorees-en-turquie-prix\/#breadcrumb\"},\"inLanguage\":\"fr-FR\",\"potentialAction\":[{\"@type\":\"ReadAction\",\"target\":[\"https:\/\/medespoir-dentaire.com\/blog\/facettes-decolorees-en-turquie-prix\/\"]}]},{\"@type\":\"ImageObject\",\"inLanguage\":\"fr-FR\",\"@id\":\"https:\/\/medespoir-dentaire.com\/blog\/facettes-decolorees-en-turquie-prix\/#primaryimage\",\"url\":\"https:\/\/medespoir-dentaire.com\/blog\/wp-content\/uploads\/2024\/05\/facette-decoloree-prix-turquie.jpg\",\"contentUrl\":\"https:\/\/medespoir-dentaire.com\/blog\/wp-content\/uploads\/2024\/05\/facette-decoloree-prix-turquie.jpg\",\"width\":800,\"height\":450},{\"@type\":\"BreadcrumbList\",\"@id\":\"https:\/\/medespoir-dentaire.com\/blog\/facettes-decolorees-en-turquie-prix\/#breadcrumb\",\"itemListElement\":[{\"@type\":\"ListItem\",\"position\":1,\"name\":\"Accueil\",\"item\":\"https:\/\/medespoir-dentaire.com\/blog\/\"},{\"@type\":\"ListItem\",\"position\":2,\"name\":\"Facettes d\u00e9color\u00e9es en Turquie : guide complet et prix\"}]},{\"@type\":\"WebSite\",\"@id\":\"https:\/\/medespoir-dentaire.com\/blog\/#website\",\"url\":\"https:\/\/medespoir-dentaire.com\/blog\/\",\"name\":\"Le Mag Smile - Medespoir\",\"description\":\"\",\"potentialAction\":[{\"@type\":\"SearchAction\",\"target\":{\"@type\":\"EntryPoint\",\"urlTemplate\":\"https:\/\/medespoir-dentaire.com\/blog\/?s={search_term_string}\"},\"query-input\":{\"@type\":\"PropertyValueSpecification\",\"valueRequired\":true,\"valueName\":\"search_term_string\"}}],\"inLanguage\":\"fr-FR\"},{\"@type\":\"Person\",\"@id\":\"https:\/\/medespoir-dentaire.com\/blog\/#\/schema\/person\/af16454b0d58b1d1eea4ce781f6c7fca\",\"name\":\"dsh_medre_com\",\"sameAs\":[\"https:\/\/medespoir-dentaire.com\/blog\"]}]}<\/script>\n<!-- \/ Yoast SEO plugin. -->","yoast_head_json":{"title":"Facettes d\u00e9color\u00e9es en Turquie : guide complet et prix","description":"Les options de traitement pour les facettes dentaires d\u00e9color\u00e9es comprennent le nettoyage professionnel des dents, le blanchiment des dents, le remplacement des facettes et l'utilisation de couronnes dentaires.","robots":{"index":"index","follow":"follow","max-snippet":"max-snippet:-1","max-image-preview":"max-image-preview:large","max-video-preview":"max-video-preview:-1"},"canonical":"https:\/\/medespoir-dentaire.com\/blog\/facettes-decolorees-en-turquie-prix\/","og_locale":"fr_FR","og_type":"article","og_title":"Facettes d\u00e9color\u00e9es en Turquie : guide complet et prix","og_description":"Les options de traitement pour les facettes dentaires d\u00e9color\u00e9es comprennent le nettoyage professionnel des dents, le blanchiment des dents, le remplacement des facettes et l'utilisation de couronnes dentaires.","og_url":"https:\/\/medespoir-dentaire.com\/blog\/facettes-decolorees-en-turquie-prix\/","og_site_name":"Le Mag Smile - Medespoir","article_published_time":"2024-05-20T13:22:55+00:00","article_modified_time":"2024-05-20T13:22:59+00:00","og_image":[{"width":800,"height":450,"url":"https:\/\/medespoir-dentaire.com\/blog\/wp-content\/uploads\/2024\/05\/facette-decoloree-prix-turquie.jpg","type":"image\/jpeg"}],"author":"dsh_medre_com","twitter_card":"summary_large_image","twitter_misc":{"\u00c9crit par":"dsh_medre_com","Dur\u00e9e de lecture estim\u00e9e":"3 minutes"},"schema":{"@context":"https:\/\/schema.org","@graph":[{"@type":"WebPage","@id":"https:\/\/medespoir-dentaire.com\/blog\/facettes-decolorees-en-turquie-prix\/","url":"https:\/\/medespoir-dentaire.com\/blog\/facettes-decolorees-en-turquie-prix\/","name":"Facettes d\u00e9color\u00e9es en Turquie : guide complet et prix","isPartOf":{"@id":"https:\/\/medespoir-dentaire.com\/blog\/#website"},"primaryImageOfPage":{"@id":"https:\/\/medespoir-dentaire.com\/blog\/facettes-decolorees-en-turquie-prix\/#primaryimage"},"image":{"@id":"https:\/\/medespoir-dentaire.com\/blog\/facettes-decolorees-en-turquie-prix\/#primaryimage"},"thumbnailUrl":"https:\/\/medespoir-dentaire.com\/blog\/wp-content\/uploads\/2024\/05\/facette-decoloree-prix-turquie.jpg","datePublished":"2024-05-20T13:22:55+00:00","dateModified":"2024-05-20T13:22:59+00:00","author":{"@id":"https:\/\/medespoir-dentaire.com\/blog\/#\/schema\/person\/af16454b0d58b1d1eea4ce781f6c7fca"},"description":"Les options de traitement pour les facettes dentaires d\u00e9color\u00e9es comprennent le nettoyage professionnel des dents, le blanchiment des dents, le remplacement des facettes et l'utilisation de couronnes dentaires.","breadcrumb":{"@id":"https:\/\/medespoir-dentaire.com\/blog\/facettes-decolorees-en-turquie-prix\/#breadcrumb"},"inLanguage":"fr-FR","potentialAction":[{"@type":"ReadAction","target":["https:\/\/medespoir-dentaire.com\/blog\/facettes-decolorees-en-turquie-prix\/"]}]},{"@type":"ImageObject","inLanguage":"fr-FR","@id":"https:\/\/medespoir-dentaire.com\/blog\/facettes-decolorees-en-turquie-prix\/#primaryimage","url":"https:\/\/medespoir-dentaire.com\/blog\/wp-content\/uploads\/2024\/05\/facette-decoloree-prix-turquie.jpg","contentUrl":"https:\/\/medespoir-dentaire.com\/blog\/wp-content\/uploads\/2024\/05\/facette-decoloree-prix-turquie.jpg","width":800,"height":450},{"@type":"BreadcrumbList","@id":"https:\/\/medespoir-dentaire.com\/blog\/facettes-decolorees-en-turquie-prix\/#breadcrumb","itemListElement":[{"@type":"ListItem","position":1,"name":"Accueil","item":"https:\/\/medespoir-dentaire.com\/blog\/"},{"@type":"ListItem","position":2,"name":"Facettes d\u00e9color\u00e9es en Turquie : guide complet et prix"}]},{"@type":"WebSite","@id":"https:\/\/medespoir-dentaire.com\/blog\/#website","url":"https:\/\/medespoir-dentaire.com\/blog\/","name":"Le Mag Smile - Medespoir","description":"","potentialAction":[{"@type":"SearchAction","target":{"@type":"EntryPoint","urlTemplate":"https:\/\/medespoir-dentaire.com\/blog\/?s={search_term_string}"},"query-input":{"@type":"PropertyValueSpecification","valueRequired":true,"valueName":"search_term_string"}}],"inLanguage":"fr-FR"},{"@type":"Person","@id":"https:\/\/medespoir-dentaire.com\/blog\/#\/schema\/person\/af16454b0d58b1d1eea4ce781f6c7fca","name":"dsh_medre_com","sameAs":["https:\/\/medespoir-dentaire.com\/blog"]}]}},"_links":{"self":[{"href":"https:\/\/medespoir-dentaire.com\/blog\/wp-json\/wp\/v2\/posts\/1117","targetHints":{"allow":["GET"]}}],"collection":[{"href":"https:\/\/medespoir-dentaire.com\/blog\/wp-json\/wp\/v2\/posts"}],"about":[{"href":"https:\/\/medespoir-dentaire.com\/blog\/wp-json\/wp\/v2\/types\/post"}],"author":[{"embeddable":true,"href":"https:\/\/medespoir-dentaire.com\/blog\/wp-json\/wp\/v2\/users\/1"}],"replies":[{"embeddable":true,"href":"https:\/\/medespoir-dentaire.com\/blog\/wp-json\/wp\/v2\/comments?post=1117"}],"version-history":[{"count":1,"href":"https:\/\/medespoir-dentaire.com\/blog\/wp-json\/wp\/v2\/posts\/1117\/revisions"}],"predecessor-version":[{"id":1118,"href":"https:\/\/medespoir-dentaire.com\/blog\/wp-json\/wp\/v2\/posts\/1117\/revisions\/1118"}],"wp:featuredmedia":[{"embeddable":true,"href":"https:\/\/medespoir-dentaire.com\/blog\/wp-json\/wp\/v2\/media\/1119"}],"wp:attachment":[{"href":"https:\/\/medespoir-dentaire.com\/blog\/wp-json\/wp\/v2\/media?parent=1117"}],"wp:term":[{"taxonomy":"category","embeddable":true,"href":"https:\/\/medespoir-dentaire.com\/blog\/wp-json\/wp\/v2\/categories?post=1117"},{"taxonomy":"post_tag","embeddable":true,"href":"https:\/\/medespoir-dentaire.com\/blog\/wp-json\/wp\/v2\/tags?post=1117"}],"curies":[{"name":"wp","href":"https:\/\/api.w.org\/{rel}","templated":true}]}}