{"id":1441,"date":"2024-08-28T12:01:57","date_gmt":"2024-08-28T10:01:57","guid":{"rendered":"https:\/\/medespoir-dentaire.com\/blog\/?p=1441"},"modified":"2024-08-28T12:01:58","modified_gmt":"2024-08-28T10:01:58","slug":"tailler-dent-avant-pose-facettes-en-ceramique","status":"publish","type":"post","link":"https:\/\/medespoir-dentaire.com\/blog\/tailler-dent-avant-pose-facettes-en-ceramique\/","title":{"rendered":"Est-ce qu\u2019il faut tailler la dent avant la pose des facettes en c\u00e9ramique pr\u00e9fabriqu\u00e9es ?"},"content":{"rendered":"\n<p>Les facettes en c\u00e9ramique ont gagn\u00e9 en popularit\u00e9 dans le domaine de la dentisterie esth\u00e9tique, permettant d&rsquo;am\u00e9liorer l&rsquo;apparence des dents de mani\u00e8re significative. Cependant, une question revient souvent : faut-il tailler la dent avant de poser des facettes en c\u00e9ramique pr\u00e9fabriqu\u00e9es ? Ce sujet, \u00e0 la fois technique et crucial, m\u00e9rite une attention particuli\u00e8re. <\/p>\n\n\n\n<p>En effet, la pr\u00e9paration des dents peut influencer non seulement le r\u00e9sultat esth\u00e9tique final, mais aussi la sant\u00e9 dentaire \u00e0 long terme. Alors, que devons-nous savoir avant de nous lancer dans cette transformation ? Plongeons ensemble dans une analyse approfondie des informations disponibles pour \u00e9claircir ce point essentiel.<\/p>\n\n\n\n<h2 class=\"wp-block-heading\">L&rsquo;\u00e9mergence des facettes sans pr\u00e9paration<\/h2>\n\n\n\n<p>En parall\u00e8le, une technique alternative appel\u00e9e facettes \u00ab\u00a0non-preparation\u00a0\u00bb gagne en popularit\u00e9. Ces facettes permettent une pose sans modification pr\u00e9alable de la dent, offrant une solution plus conservatrice. Bien que cette m\u00e9thode ne soit pas unanimement accept\u00e9e parmi les professionnels, elle repr\u00e9sente une option int\u00e9ressante pour ceux qui souhaitent \u00e9viter toute intervention invasive. Cette approche est particuli\u00e8rement mise en avant par des sources comme Sant\u00e9 Magazine, qui mentionnent les avantages de ces facettes pour ceux qui veulent pr\u00e9server au maximum leur structure dentaire naturelle.<\/p>\n\n\n\n<h2 class=\"wp-block-heading\">Les facettes pelliculaires : une alternative innovante<\/h2>\n\n\n\n<p>Une autre alternative int\u00e9ressante est celle des facettes pelliculaires, mentionn\u00e9es par Dentaly.org. Ces facettes ultrafines, d&rsquo;une \u00e9paisseur de 0,1 \u00e0 0,2 mm, ne n\u00e9cessitent g\u00e9n\u00e9ralement pas de pr\u00e9paration de la dent. Elles offrent ainsi un compromis entre esth\u00e9tique et conservation de la structure dentaire naturelle. Cependant, elles ont un co\u00fbt plus \u00e9lev\u00e9, ce qui peut \u00eatre un facteur \u00e0 consid\u00e9rer pour beaucoup. En fin de compte, chaque m\u00e9thode a ses avantages et inconv\u00e9nients, et le choix d\u00e9pendra des besoins et des attentes sp\u00e9cifiques de chaque patient.<\/p>\n\n\n\n<p>En nous appuyant sur les diff\u00e9rentes sources d&rsquo;information, il appara\u00eet clairement que la majorit\u00e9 des experts s&rsquo;accordent \u00e0 dire qu&rsquo;il est n\u00e9cessaire de tailler la dent avant de poser des facettes en c\u00e9ramique pr\u00e9fabriqu\u00e9es. Cette pr\u00e9paration dentaire vise principalement \u00e0 garantir une adh\u00e9rence optimale de la facette et \u00e0 harmoniser les dimensions des dents pour un rendu esth\u00e9tique impeccable. Voici quelques points essentiels tir\u00e9s de nos recherches :<\/p>\n\n\n\n<ul class=\"wp-block-list\">\n<li><strong>Adh\u00e9rence am\u00e9lior\u00e9e<\/strong>\u00a0: La pr\u00e9paration de l&rsquo;\u00e9mail permet une meilleure adh\u00e9rence de l&rsquo;adh\u00e9sif utilis\u00e9 pour fixer la facette.<\/li>\n\n\n\n<li><strong>Harmonisation des dimensions<\/strong>\u00a0: Tailler la dent assure que la facette s&rsquo;ajuste parfaitement, \u00e9vitant toute disproportion.<\/li>\n\n\n\n<li><strong>Pr\u00e9paration indolore<\/strong>\u00a0: Selon plusieurs sources, la proc\u00e9dure de pr\u00e9paration est rapide et sans douleur, ce qui la rend plus accessible aux patients.<\/li>\n<\/ul>\n\n\n\n<p>Cependant, certains dentistes comme Dr. Zisserman soulignent que ce n&rsquo;est pas toujours indispensable de tailler la dent pour placer des facettes pr\u00e9fabriqu\u00e9es. Ces divergences peuvent \u00eatre attribu\u00e9es \u00e0 des variations dans les techniques et les mat\u00e9riaux utilis\u00e9s, ainsi qu&rsquo;aux sp\u00e9cificit\u00e9s de chaque cas individuel. Il est donc essentiel de discuter avec son dentiste pour d\u00e9terminer la meilleure approche pour chaque situation particuli\u00e8re.<\/p>\n\n\n\n<p>Enfin, pour ceux qui cherchent une m\u00e9thode encore plus conservatrice, les facettes pelliculaires repr\u00e9sentent une alternative int\u00e9ressante. Ces facettes ultrafines (0,1 \u00e0 0,2 mm) ne n\u00e9cessitent g\u00e9n\u00e9ralement pas de tailler la dent, pr\u00e9servant ainsi l&rsquo;int\u00e9grit\u00e9 naturelle des dents. Cependant, il est important de noter que cette technique est g\u00e9n\u00e9ralement plus co\u00fbteuse, oscillant entre 800 et 1000 euros par facette.<\/p>\n\n\n\n<h2 class=\"wp-block-heading\">Consensus sur la n\u00e9cessit\u00e9 de tailler la dent avant la pose de facettes en c\u00e9ramique pr\u00e9fabriqu\u00e9es<\/h2>\n\n\n\n<p>Lorsque nous examinons les avis des experts et les diff\u00e9rentes sources d&rsquo;information, il appara\u00eet clairement que la majorit\u00e9 d&rsquo;entre eux s&rsquo;accordent sur la n\u00e9cessit\u00e9 de tailler la dent avant de poser des facettes en c\u00e9ramique pr\u00e9fabriqu\u00e9es. Cette pr\u00e9paration dentaire, bien que l\u00e9g\u00e8re, permet de retirer une fine couche d&rsquo;\u00e9mail afin de cr\u00e9er une surface id\u00e9ale pour l&rsquo;adh\u00e9sion de la facette. En d&rsquo;autres termes, tailler la dent assure une fixation optimale et durable des facettes, garantissant ainsi un r\u00e9sultat esth\u00e9tique harmonieux.<\/p>\n\n\n\n<p>Selon les informations recueillies, voici quelques raisons principales pour lesquelles la taille des dents est recommand\u00e9e avant la pose des facettes en c\u00e9ramique pr\u00e9fabriqu\u00e9es :<\/p>\n\n\n\n<ol class=\"wp-block-list\">\n<li><strong>Fixation am\u00e9lior\u00e9e<\/strong>\u00a0: En pr\u00e9parant la surface de la dent, nous am\u00e9liorons l&rsquo;adh\u00e9rence de l&rsquo;adh\u00e9sif utilis\u00e9 pour fixer la facette, ce qui r\u00e9duit les risques de d\u00e9collement ou de d\u00e9gradation \u00e0 long terme.<\/li>\n\n\n\n<li><strong>Alignement des dimensions<\/strong>\u00a0: La taille des dents permet d&rsquo;harmoniser les dimensions des dents naturelles avec celles des facettes, assurant une apparence naturelle et coh\u00e9rente.<\/li>\n\n\n\n<li><strong>Pr\u00e9paration indolore<\/strong>\u00a0: Cette proc\u00e9dure, bien que n\u00e9cessitant une l\u00e9g\u00e8re r\u00e9duction de l&rsquo;\u00e9mail, est g\u00e9n\u00e9ralement indolore et rapide, souvent r\u00e9alis\u00e9e en quelques minutes seulement.<\/li>\n<\/ol>\n\n\n\n<p>En d\u00e9pit de cette unanimit\u00e9, il existe des alternatives mentionn\u00e9es, comme les facettes \u00ab\u00a0non-pr\u00e9paration\u00a0\u00bb qui ne n\u00e9cessitent pas de tailler la dent. Cependant, cette technique est moins courante et moins discut\u00e9e dans les sources consult\u00e9es. Par cons\u00e9quent, pour la plupart des patients et des dentistes, la taille pr\u00e9alable des dents reste une \u00e9tape cruciale pour assurer la r\u00e9ussite du traitement esth\u00e9tique.<\/p>\n\n\n\n<p>Il est \u00e9galement important de noter que chaque cas dentaire est unique. Bien que la taille des dents soit majoritairement recommand\u00e9e, la d\u00e9cision finale doit toujours \u00eatre prise en consultation avec un professionnel dentaire. Celui-ci pourra \u00e9valuer l&rsquo;\u00e9tat de vos dents, vos besoins esth\u00e9tiques et fonctionnels, et d\u00e9terminer la meilleure approche \u00e0 adopter pour atteindre vos objectifs de sourire parfait.<\/p>\n\n\n\n<div class=\"wp-block-buttons is-layout-flex wp-block-buttons-is-layout-flex\">\n<div class=\"wp-block-button\"><a class=\"wp-block-button__link wp-element-button\">devis gratuit<\/a><\/div>\n<\/div>\n\n\n\n<h2 class=\"wp-block-heading\">Avantages de tailler la dent<\/h2>\n\n\n\n<p>L&rsquo;un des principaux avantages de tailler la dent avant de poser des facettes en c\u00e9ramique est l&rsquo;am\u00e9lioration de l&rsquo;adh\u00e9rence.&nbsp;<strong>En enlevant une fine couche d&rsquo;\u00e9mail, nous pr\u00e9parons la surface de la dent de mani\u00e8re \u00e0 ce que l&rsquo;adh\u00e9sif puisse mieux s&rsquo;y accrocher.<\/strong>&nbsp;Cela garantit que la facette reste solidement en place, r\u00e9duisant ainsi le risque qu&rsquo;elle se d\u00e9colle ou se d\u00e9place avec le temps. L&rsquo;optimisation de l&rsquo;adh\u00e9rence est cruciale pour assurer la durabilit\u00e9 et la long\u00e9vit\u00e9 des facettes.<\/p>\n\n\n\n<p>En outre, tailler la dent permet de harmoniser les dimensions des dents avec les facettes en c\u00e9ramique.&nbsp;<strong>Cette pr\u00e9paration minutieuse de la surface dentaire aide \u00e0 obtenir un alignement parfait et une apparence naturelle.<\/strong>&nbsp;Les dents sont ainsi uniformes en taille et en forme, ce qui contribue \u00e0 un sourire plus esth\u00e9tique et \u00e9quilibr\u00e9. Sans cette \u00e9tape, il pourrait y avoir des diff\u00e9rences visibles entre les dents naturelles et celles recouvertes de facettes, ce qui pourrait compromettre le r\u00e9sultat esth\u00e9tique.<\/p>\n\n\n\n<p>La proc\u00e9dure de taille dentaire est \u00e9galement indolore et rapide.&nbsp;<strong>Beaucoup de patients craignent cette \u00e9tape, mais elle est g\u00e9n\u00e9ralement r\u00e9alis\u00e9e sous anesth\u00e9sie locale et ne prend que quelques minutes.<\/strong>&nbsp;En pr\u00e9parant la dent de cette mani\u00e8re, le dentiste peut \u00e9galement placer des facettes temporaires, offrant ainsi un aper\u00e7u du r\u00e9sultat final avant la pose d\u00e9finitive des facettes en c\u00e9ramique. Cette anticipation permet d&rsquo;effectuer des ajustements si n\u00e9cessaire et d&rsquo;assurer la satisfaction du patient.<\/p>\n\n\n\n<p>Enfin, tailler la dent avant de poser les facettes peut offrir une meilleure pr\u00e9visibilit\u00e9 des r\u00e9sultats esth\u00e9tiques.&nbsp;<strong>Avec la possibilit\u00e9 d&rsquo;appliquer des facettes temporaires, nous pouvons voir comment les nouvelles facettes s&rsquo;int\u00e9greront avec le reste de notre dentition.<\/strong>&nbsp;Cela permet d&rsquo;apporter des modifications avant que les facettes d\u00e9finitives ne soient pos\u00e9es, garantissant ainsi un r\u00e9sultat optimal. Ce processus de pr\u00e9visualisation et d&rsquo;ajustement est un avantage consid\u00e9rable pour ceux qui souhaitent un sourire pr\u00e9cis et impeccable.<\/p>\n\n\n\n<h2 class=\"wp-block-heading\">Technique alternative : facettes pelliculaires<\/h2>\n\n\n\n<h3 class=\"wp-block-heading\">Qu&rsquo;est-ce que les facettes pelliculaires ?<\/h3>\n\n\n\n<p>Les facettes pelliculaires, \u00e9galement connues sous le nom de facettes ultrafines, repr\u00e9sentent une innovation remarquable dans le domaine de la dentisterie esth\u00e9tique. Contrairement aux facettes en c\u00e9ramique traditionnelles qui n\u00e9cessitent souvent une pr\u00e9paration et un taillage de la dent, les facettes pelliculaires sont si fines qu&rsquo;elles peuvent \u00eatre pos\u00e9es directement sur la dent existante sans n\u00e9cessiter de modifications importantes. G\u00e9n\u00e9ralement d\u2019une \u00e9paisseur de seulement 0,1 \u00e0 0,2 mm, ces facettes permettent de pr\u00e9server l&rsquo;int\u00e9grit\u00e9 structurelle des dents naturelles tout en offrant une am\u00e9lioration esth\u00e9tique significative.<\/p>\n\n\n\n<h3 class=\"wp-block-heading\">Avantages des facettes pelliculaires<\/h3>\n\n\n\n<p>L&rsquo;un des principaux avantages des facettes pelliculaires est leur capacit\u00e9 \u00e0 conserver la structure naturelle de la dent, \u00e9vitant ainsi la n\u00e9cessit\u00e9 de tailler l&rsquo;\u00e9mail dentaire. Cette conservation est particuli\u00e8rement b\u00e9n\u00e9fique pour la sant\u00e9 dentaire \u00e0 long terme, car elle minimise les risques associ\u00e9s \u00e0 la r\u00e9duction de la surface dentaire, comme la sensibilit\u00e9 accrue et les dommages potentiels. De plus, ces facettes peuvent \u00eatre facilement poli\u00e9es pour obtenir l&rsquo;apparence souhait\u00e9e, offrant une grande flexibilit\u00e9 esth\u00e9tique sans compromettre la durabilit\u00e9.<\/p>\n\n\n\n<h3 class=\"wp-block-heading\">Proc\u00e9dure de pose des facettes pelliculaires<\/h3>\n\n\n\n<p>La proc\u00e9dure de pose des facettes pelliculaires est relativement simple et peu invasive. Apr\u00e8s une consultation initiale, le dentiste prend g\u00e9n\u00e9ralement une empreinte des dents pour fabriquer des facettes sur mesure. Une fois les facettes pr\u00eates, elles sont fix\u00e9es directement sur les dents avec un adh\u00e9sif dentaire sp\u00e9cial. Cette m\u00e9thode non invasive permet non seulement un gain de temps, mais aussi une exp\u00e9rience plus confortable pour le patient. En quelques visites seulement, on peut obtenir un sourire \u00e9clatant et harmonieux sans les d\u00e9sagr\u00e9ments associ\u00e9s \u00e0 la taille des dents.<\/p>\n\n\n\n<h3 class=\"wp-block-heading\">Limites et co\u00fbt des facettes pelliculaires<\/h3>\n\n\n\n<p>Bien que les facettes pelliculaires pr\u00e9sentent de nombreux avantages, elles ne sont pas sans limites. Leur extr\u00eame finesse peut ne pas convenir \u00e0 tous les cas, notamment lorsque des corrections structurelles importantes sont n\u00e9cessaires. De plus, leur co\u00fbt est g\u00e9n\u00e9ralement plus \u00e9lev\u00e9 que celui des facettes en c\u00e9ramique traditionnelles, se situant entre 800 et 1000 euros par facette. Ce prix peut repr\u00e9senter un investissement cons\u00e9quent, mais il est justifi\u00e9 par les avantages non invasifs et les r\u00e9sultats esth\u00e9tiques exceptionnels.<\/p>\n\n\n\n<h3 class=\"wp-block-heading\">Est-ce la bonne option pour vous ?<\/h3>\n\n\n\n<p>Avant de se d\u00e9cider pour des facettes pelliculaires, il est essentiel de discuter de vos besoins et attentes avec un professionnel dentaire qualifi\u00e9. Chaque sourire est unique, et ce qui fonctionne pour une personne peut ne pas \u00eatre la meilleure solution pour une autre. En consultant votre dentiste, vous pourrez explorer toutes les options disponibles, y compris les facettes pelliculaires, et d\u00e9terminer la meilleure approche pour atteindre un sourire radieux et sain.<\/p>\n","protected":false},"excerpt":{"rendered":"<p>Les facettes en c\u00e9ramique ont gagn\u00e9 en popularit\u00e9 dans le domaine de la dentisterie esth\u00e9tique, permettant d&rsquo;am\u00e9liorer l&rsquo;apparence des dents de mani\u00e8re significative. Cependant, une question revient souvent : faut-il tailler la dent avant de poser des facettes en c\u00e9ramique pr\u00e9fabriqu\u00e9es ? Ce sujet, \u00e0 la fois technique et crucial, m\u00e9rite une attention particuli\u00e8re. En &hellip; <\/p>\n<p class=\"link-more\"><a href=\"https:\/\/medespoir-dentaire.com\/blog\/tailler-dent-avant-pose-facettes-en-ceramique\/\" class=\"more-link\">Lire la suite de<span class=\"screen-reader-text\">\u00ab\u00a0Est-ce qu\u2019il faut tailler la dent avant la pose des facettes en c\u00e9ramique pr\u00e9fabriqu\u00e9es ?\u00a0\u00bb<\/span><\/a><\/p>\n","protected":false},"author":1,"featured_media":1466,"comment_status":"closed","ping_status":"open","sticky":false,"template":"","format":"standard","meta":{"footnotes":""},"categories":[1],"tags":[],"class_list":["post-1441","post","type-post","status-publish","format-standard","has-post-thumbnail","hentry","category-non-classe"],"yoast_head":"<!-- This site is optimized with the Yoast SEO plugin v24.4 - https:\/\/yoast.com\/wordpress\/plugins\/seo\/ -->\n<title>Faut-il tailler la dent avant la pose facettes en c\u00e9ramique ?<\/title>\n<meta name=\"description\" content=\"Faut-il tailler la dent avant la pose facettes en c\u00e9ramique ? Guide complet sur la technique de pose et les conditions\" \/>\n<meta name=\"robots\" content=\"index, follow, max-snippet:-1, max-image-preview:large, max-video-preview:-1\" \/>\n<link rel=\"canonical\" href=\"https:\/\/medespoir-dentaire.com\/blog\/tailler-dent-avant-pose-facettes-en-ceramique\/\" \/>\n<meta property=\"og:locale\" content=\"fr_FR\" \/>\n<meta property=\"og:type\" content=\"article\" \/>\n<meta property=\"og:title\" content=\"Faut-il tailler la dent avant la pose facettes en c\u00e9ramique ?\" \/>\n<meta property=\"og:description\" content=\"Faut-il tailler la dent avant la pose facettes en c\u00e9ramique ? Guide complet sur la technique de pose et les conditions\" \/>\n<meta property=\"og:url\" content=\"https:\/\/medespoir-dentaire.com\/blog\/tailler-dent-avant-pose-facettes-en-ceramique\/\" \/>\n<meta property=\"og:site_name\" content=\"Le Mag Smile - Medespoir\" \/>\n<meta property=\"article:published_time\" content=\"2024-08-28T10:01:57+00:00\" \/>\n<meta property=\"article:modified_time\" content=\"2024-08-28T10:01:58+00:00\" \/>\n<meta property=\"og:image\" content=\"https:\/\/medespoir-dentaire.com\/blog\/wp-content\/uploads\/2024\/08\/tailler-dents-avant-facette.jpg\" \/>\n\t<meta property=\"og:image:width\" content=\"1200\" \/>\n\t<meta property=\"og:image:height\" content=\"706\" \/>\n\t<meta property=\"og:image:type\" content=\"image\/jpeg\" \/>\n<meta name=\"author\" content=\"dsh_medre_com\" \/>\n<meta name=\"twitter:card\" content=\"summary_large_image\" \/>\n<meta name=\"twitter:label1\" content=\"\u00c9crit par\" \/>\n\t<meta name=\"twitter:data1\" content=\"dsh_medre_com\" \/>\n\t<meta name=\"twitter:label2\" content=\"Dur\u00e9e de lecture estim\u00e9e\" \/>\n\t<meta name=\"twitter:data2\" content=\"9 minutes\" \/>\n<script type=\"application\/ld+json\" class=\"yoast-schema-graph\">{\"@context\":\"https:\/\/schema.org\",\"@graph\":[{\"@type\":\"WebPage\",\"@id\":\"https:\/\/medespoir-dentaire.com\/blog\/tailler-dent-avant-pose-facettes-en-ceramique\/\",\"url\":\"https:\/\/medespoir-dentaire.com\/blog\/tailler-dent-avant-pose-facettes-en-ceramique\/\",\"name\":\"Faut-il tailler la dent avant la pose facettes en c\u00e9ramique ?\",\"isPartOf\":{\"@id\":\"https:\/\/medespoir-dentaire.com\/blog\/#website\"},\"primaryImageOfPage\":{\"@id\":\"https:\/\/medespoir-dentaire.com\/blog\/tailler-dent-avant-pose-facettes-en-ceramique\/#primaryimage\"},\"image\":{\"@id\":\"https:\/\/medespoir-dentaire.com\/blog\/tailler-dent-avant-pose-facettes-en-ceramique\/#primaryimage\"},\"thumbnailUrl\":\"https:\/\/medespoir-dentaire.com\/blog\/wp-content\/uploads\/2024\/08\/tailler-dents-avant-facette.jpg\",\"datePublished\":\"2024-08-28T10:01:57+00:00\",\"dateModified\":\"2024-08-28T10:01:58+00:00\",\"author\":{\"@id\":\"https:\/\/medespoir-dentaire.com\/blog\/#\/schema\/person\/af16454b0d58b1d1eea4ce781f6c7fca\"},\"description\":\"Faut-il tailler la dent avant la pose facettes en c\u00e9ramique ? Guide complet sur la technique de pose et les conditions\",\"breadcrumb\":{\"@id\":\"https:\/\/medespoir-dentaire.com\/blog\/tailler-dent-avant-pose-facettes-en-ceramique\/#breadcrumb\"},\"inLanguage\":\"fr-FR\",\"potentialAction\":[{\"@type\":\"ReadAction\",\"target\":[\"https:\/\/medespoir-dentaire.com\/blog\/tailler-dent-avant-pose-facettes-en-ceramique\/\"]}]},{\"@type\":\"ImageObject\",\"inLanguage\":\"fr-FR\",\"@id\":\"https:\/\/medespoir-dentaire.com\/blog\/tailler-dent-avant-pose-facettes-en-ceramique\/#primaryimage\",\"url\":\"https:\/\/medespoir-dentaire.com\/blog\/wp-content\/uploads\/2024\/08\/tailler-dents-avant-facette.jpg\",\"contentUrl\":\"https:\/\/medespoir-dentaire.com\/blog\/wp-content\/uploads\/2024\/08\/tailler-dents-avant-facette.jpg\",\"width\":1200,\"height\":706},{\"@type\":\"BreadcrumbList\",\"@id\":\"https:\/\/medespoir-dentaire.com\/blog\/tailler-dent-avant-pose-facettes-en-ceramique\/#breadcrumb\",\"itemListElement\":[{\"@type\":\"ListItem\",\"position\":1,\"name\":\"Accueil\",\"item\":\"https:\/\/medespoir-dentaire.com\/blog\/\"},{\"@type\":\"ListItem\",\"position\":2,\"name\":\"Est-ce qu\u2019il faut tailler la dent avant la pose des facettes en c\u00e9ramique pr\u00e9fabriqu\u00e9es ?\"}]},{\"@type\":\"WebSite\",\"@id\":\"https:\/\/medespoir-dentaire.com\/blog\/#website\",\"url\":\"https:\/\/medespoir-dentaire.com\/blog\/\",\"name\":\"Le Mag Smile - Medespoir\",\"description\":\"\",\"potentialAction\":[{\"@type\":\"SearchAction\",\"target\":{\"@type\":\"EntryPoint\",\"urlTemplate\":\"https:\/\/medespoir-dentaire.com\/blog\/?s={search_term_string}\"},\"query-input\":{\"@type\":\"PropertyValueSpecification\",\"valueRequired\":true,\"valueName\":\"search_term_string\"}}],\"inLanguage\":\"fr-FR\"},{\"@type\":\"Person\",\"@id\":\"https:\/\/medespoir-dentaire.com\/blog\/#\/schema\/person\/af16454b0d58b1d1eea4ce781f6c7fca\",\"name\":\"dsh_medre_com\",\"sameAs\":[\"https:\/\/medespoir-dentaire.com\/blog\"]}]}<\/script>\n<!-- \/ Yoast SEO plugin. -->","yoast_head_json":{"title":"Faut-il tailler la dent avant la pose facettes en c\u00e9ramique ?","description":"Faut-il tailler la dent avant la pose facettes en c\u00e9ramique ? Guide complet sur la technique de pose et les conditions","robots":{"index":"index","follow":"follow","max-snippet":"max-snippet:-1","max-image-preview":"max-image-preview:large","max-video-preview":"max-video-preview:-1"},"canonical":"https:\/\/medespoir-dentaire.com\/blog\/tailler-dent-avant-pose-facettes-en-ceramique\/","og_locale":"fr_FR","og_type":"article","og_title":"Faut-il tailler la dent avant la pose facettes en c\u00e9ramique ?","og_description":"Faut-il tailler la dent avant la pose facettes en c\u00e9ramique ? Guide complet sur la technique de pose et les conditions","og_url":"https:\/\/medespoir-dentaire.com\/blog\/tailler-dent-avant-pose-facettes-en-ceramique\/","og_site_name":"Le Mag Smile - Medespoir","article_published_time":"2024-08-28T10:01:57+00:00","article_modified_time":"2024-08-28T10:01:58+00:00","og_image":[{"width":1200,"height":706,"url":"https:\/\/medespoir-dentaire.com\/blog\/wp-content\/uploads\/2024\/08\/tailler-dents-avant-facette.jpg","type":"image\/jpeg"}],"author":"dsh_medre_com","twitter_card":"summary_large_image","twitter_misc":{"\u00c9crit par":"dsh_medre_com","Dur\u00e9e de lecture estim\u00e9e":"9 minutes"},"schema":{"@context":"https:\/\/schema.org","@graph":[{"@type":"WebPage","@id":"https:\/\/medespoir-dentaire.com\/blog\/tailler-dent-avant-pose-facettes-en-ceramique\/","url":"https:\/\/medespoir-dentaire.com\/blog\/tailler-dent-avant-pose-facettes-en-ceramique\/","name":"Faut-il tailler la dent avant la pose facettes en c\u00e9ramique ?","isPartOf":{"@id":"https:\/\/medespoir-dentaire.com\/blog\/#website"},"primaryImageOfPage":{"@id":"https:\/\/medespoir-dentaire.com\/blog\/tailler-dent-avant-pose-facettes-en-ceramique\/#primaryimage"},"image":{"@id":"https:\/\/medespoir-dentaire.com\/blog\/tailler-dent-avant-pose-facettes-en-ceramique\/#primaryimage"},"thumbnailUrl":"https:\/\/medespoir-dentaire.com\/blog\/wp-content\/uploads\/2024\/08\/tailler-dents-avant-facette.jpg","datePublished":"2024-08-28T10:01:57+00:00","dateModified":"2024-08-28T10:01:58+00:00","author":{"@id":"https:\/\/medespoir-dentaire.com\/blog\/#\/schema\/person\/af16454b0d58b1d1eea4ce781f6c7fca"},"description":"Faut-il tailler la dent avant la pose facettes en c\u00e9ramique ? Guide complet sur la technique de pose et les conditions","breadcrumb":{"@id":"https:\/\/medespoir-dentaire.com\/blog\/tailler-dent-avant-pose-facettes-en-ceramique\/#breadcrumb"},"inLanguage":"fr-FR","potentialAction":[{"@type":"ReadAction","target":["https:\/\/medespoir-dentaire.com\/blog\/tailler-dent-avant-pose-facettes-en-ceramique\/"]}]},{"@type":"ImageObject","inLanguage":"fr-FR","@id":"https:\/\/medespoir-dentaire.com\/blog\/tailler-dent-avant-pose-facettes-en-ceramique\/#primaryimage","url":"https:\/\/medespoir-dentaire.com\/blog\/wp-content\/uploads\/2024\/08\/tailler-dents-avant-facette.jpg","contentUrl":"https:\/\/medespoir-dentaire.com\/blog\/wp-content\/uploads\/2024\/08\/tailler-dents-avant-facette.jpg","width":1200,"height":706},{"@type":"BreadcrumbList","@id":"https:\/\/medespoir-dentaire.com\/blog\/tailler-dent-avant-pose-facettes-en-ceramique\/#breadcrumb","itemListElement":[{"@type":"ListItem","position":1,"name":"Accueil","item":"https:\/\/medespoir-dentaire.com\/blog\/"},{"@type":"ListItem","position":2,"name":"Est-ce qu\u2019il faut tailler la dent avant la pose des facettes en c\u00e9ramique pr\u00e9fabriqu\u00e9es ?"}]},{"@type":"WebSite","@id":"https:\/\/medespoir-dentaire.com\/blog\/#website","url":"https:\/\/medespoir-dentaire.com\/blog\/","name":"Le Mag Smile - Medespoir","description":"","potentialAction":[{"@type":"SearchAction","target":{"@type":"EntryPoint","urlTemplate":"https:\/\/medespoir-dentaire.com\/blog\/?s={search_term_string}"},"query-input":{"@type":"PropertyValueSpecification","valueRequired":true,"valueName":"search_term_string"}}],"inLanguage":"fr-FR"},{"@type":"Person","@id":"https:\/\/medespoir-dentaire.com\/blog\/#\/schema\/person\/af16454b0d58b1d1eea4ce781f6c7fca","name":"dsh_medre_com","sameAs":["https:\/\/medespoir-dentaire.com\/blog"]}]}},"_links":{"self":[{"href":"https:\/\/medespoir-dentaire.com\/blog\/wp-json\/wp\/v2\/posts\/1441","targetHints":{"allow":["GET"]}}],"collection":[{"href":"https:\/\/medespoir-dentaire.com\/blog\/wp-json\/wp\/v2\/posts"}],"about":[{"href":"https:\/\/medespoir-dentaire.com\/blog\/wp-json\/wp\/v2\/types\/post"}],"author":[{"embeddable":true,"href":"https:\/\/medespoir-dentaire.com\/blog\/wp-json\/wp\/v2\/users\/1"}],"replies":[{"embeddable":true,"href":"https:\/\/medespoir-dentaire.com\/blog\/wp-json\/wp\/v2\/comments?post=1441"}],"version-history":[{"count":2,"href":"https:\/\/medespoir-dentaire.com\/blog\/wp-json\/wp\/v2\/posts\/1441\/revisions"}],"predecessor-version":[{"id":1463,"href":"https:\/\/medespoir-dentaire.com\/blog\/wp-json\/wp\/v2\/posts\/1441\/revisions\/1463"}],"wp:featuredmedia":[{"embeddable":true,"href":"https:\/\/medespoir-dentaire.com\/blog\/wp-json\/wp\/v2\/media\/1466"}],"wp:attachment":[{"href":"https:\/\/medespoir-dentaire.com\/blog\/wp-json\/wp\/v2\/media?parent=1441"}],"wp:term":[{"taxonomy":"category","embeddable":true,"href":"https:\/\/medespoir-dentaire.com\/blog\/wp-json\/wp\/v2\/categories?post=1441"},{"taxonomy":"post_tag","embeddable":true,"href":"https:\/\/medespoir-dentaire.com\/blog\/wp-json\/wp\/v2\/tags?post=1441"}],"curies":[{"name":"wp","href":"https:\/\/api.w.org\/{rel}","templated":true}]}}